{"id":7423,"date":"2016-06-07T11:20:20","date_gmt":"2016-06-07T09:20:20","guid":{"rendered":"https:\/\/dev.aedbiz.org\/manana-se-celebrara-la-entrega-premios-aed-2016\/"},"modified":"2024-05-31T14:04:14","modified_gmt":"2024-05-31T12:04:14","slug":"aedren-enpresa-sarien-banaketa-ekitaldia","status":"publish","type":"post","link":"https:\/\/www.aedbiz.org\/eu\/aedren-enpresa-sarien-banaketa-ekitaldia\/","title":{"rendered":"AEDren Enpresa Sarien banaketa ekitaldia"},"content":{"rendered":"<p style=\"text-align: justify;\">Ekainaren 7an Bizkaiko Emakumezko Enpresari eta Zuzendarien Elkartearen 2016 enpresa sariaren X.en banaketa ekitaldia egingo da. Carlton Hotelean izando da 19:30etatik aurrera eta Bizkaiko gizarte ehundura eta ehundura ekonomiko 300 pertsonalitatetik gora bertaratuko dira.<\/p>\n<p style=\"text-align: justify;\">AEDk\u00a0<strong>Nerea Leal y M\u00f3nica Rodr\u00edguez<\/strong>\u00a0aukeratu ditu sarituen artean,\u00a0<a href=\"http:\/\/www.dynakin.com\/\">Dynakin S.l<\/a>.-ko bazkide eta sortzaileak dira eta farmazia esparruko zerbitzu eta produktuak eskaintzen dituzte. Ekintzaileak eta Farmakologian Doktoreak dira, 2004an sortu zuten enpresa oinarri teknologikoko enpresa eta oso berritzailea da, gainera, aitzindaria\u00a0izan da Espainia mailan mota horretako zerbitzuak eskaintzen. Emakume nekazezinak dira, ekinak eta erabaki estrategikoak hartzen dituztenak.<\/p>\n<p style=\"text-align: justify;\">Beste sarituetako bat <strong>Matilde Elexpuru <\/strong>da, Tisako zuzendari orokorra da duela urte asko beste 6 emakumerekin batera sortu zuen enpresan:\u00a0<a href=\"http:\/\/www.tisasa.es\/eu\/\">Traductores e Int\u00e9rpretes\u00a0s.a. B<\/a>era da gaur egun bertan lanean jarraitzen duen bakarra, hala ere, enpresa handiagotzen joan zen eta 80ko hamarkadako krisia gainditu zuen askoz ere indartsuago bilakatuz. 2000. urtean TISA CONGRESOS S.L. izeneko enpresa bat sortzea erabaki zuen Matildek, bertan, azpimarragarria da postu garrantzitsuetan emakumeek duten presentzia.<\/p>\n<p style=\"text-align: justify;\"><strong>In\u00e9s N\u00fa\u00f1ez de la Parte,<\/strong>\u00a0zerbitzu juridikoak eskaintzen dituen Ingetea, enpresako zuzendari korporatiboa da eta berak ere AEd 2016 saria jaso du. <span style=\"color: #000000;\">2015eko\u00a0Espainiako 10 zuzendaririk onenen rankingean dago 100 emakumeren artean; ranking prestigiotsua da gainera.\u00a0<\/span><\/p>\n<p style=\"text-align: justify;\"><strong>AEDren 2016ko Enpresa Saria <\/strong>Fuchosa S.L.-k eraman du, duela 48 urte sortutako enpresa batek. \u00a0<strong><a href=\"http:\/\/www.fuchosa.com\/index.asp\">Fuchosa<\/a>&#8211;<\/strong>k metalaren sektorean egiten du gaur egun, autoentzako balaztetarako segurtasun piezak egitea da hauen espezialitatea.<\/p>\n","protected":false},"excerpt":{"rendered":"<p>Ekainaren 7an Bizkaiko Emakumezko Enpresari eta Zuzendarien Elkartearen 2016 enpresa sariaren X.en banaketa ekitaldia egingo da. Carlton Hotelean izando da 19:30etatik aurrera eta Bizkaiko gizarte ehundura eta ehundura ekonomiko 300 pertsonalitatetik gora bertaratuko dira. AEDk\u00a0Nerea Leal y M\u00f3nica Rodr\u00edguez\u00a0aukeratu ditu sarituen artean,\u00a0Dynakin S.l.-ko bazkide eta sortzaileak dira eta farmazia esparruko zerbitzu eta produktuak eskaintzen dituzte.&hellip;<\/p>\n","protected":false},"author":1,"featured_media":6861,"comment_status":"closed","ping_status":"closed","sticky":false,"template":"","format":"standard","meta":{"footnotes":""},"categories":[422],"tags":[],"class_list":["post-7423","post","type-post","status-publish","format-standard","has-post-thumbnail","hentry","category-albisteak","category-422","description-off"],"yoast_head":"<!-- This site is optimized with the Yoast SEO plugin v27.4 - https:\/\/yoast.com\/product\/yoast-seo-wordpress\/ -->\n<title>AEDren Enpresa Sarien banaketa ekitaldia - AED | Asociaci\u00f3n de empresarias y directivas de Bizkaia<\/title>\n<meta name=\"robots\" content=\"index, follow, max-snippet:-1, max-image-preview:large, max-video-preview:-1\" \/>\n<link rel=\"canonical\" href=\"https:\/\/www.aedbiz.org\/manana-se-celebrara-la-entrega-premios-aed-2016\/\" \/>\n<meta property=\"og:locale\" content=\"eu_ES\" \/>\n<meta property=\"og:type\" content=\"article\" \/>\n<meta property=\"og:title\" content=\"AEDren Enpresa Sarien banaketa ekitaldia - AED | Asociaci\u00f3n de empresarias y directivas de Bizkaia\" \/>\n<meta property=\"og:description\" content=\"Ekainaren 7an Bizkaiko Emakumezko Enpresari eta Zuzendarien Elkartearen 2016 enpresa sariaren X.en banaketa ekitaldia egingo da. Carlton Hotelean izando da 19:30etatik aurrera eta Bizkaiko gizarte ehundura eta ehundura ekonomiko 300 pertsonalitatetik gora bertaratuko dira. AEDk\u00a0Nerea Leal y M\u00f3nica Rodr\u00edguez\u00a0aukeratu ditu sarituen artean,\u00a0Dynakin S.l.-ko bazkide eta sortzaileak dira eta farmazia esparruko zerbitzu eta produktuak eskaintzen dituzte.&hellip;\" \/>\n<meta property=\"og:url\" content=\"https:\/\/www.aedbiz.org\/manana-se-celebrara-la-entrega-premios-aed-2016\/\" \/>\n<meta property=\"og:site_name\" content=\"AED | Asociaci\u00f3n de empresarias y directivas de Bizkaia\" \/>\n<meta property=\"article:published_time\" content=\"2016-06-07T09:20:20+00:00\" \/>\n<meta property=\"article:modified_time\" content=\"2024-05-31T12:04:14+00:00\" \/>\n<meta property=\"og:image\" content=\"https:\/\/www.aedbiz.org\/wp-content\/uploads\/2016\/06\/FORO-PREMIO-2016-1.jpg\" \/>\n\t<meta property=\"og:image:width\" content=\"1417\" \/>\n\t<meta property=\"og:image:height\" content=\"921\" \/>\n\t<meta property=\"og:image:type\" content=\"image\/jpeg\" \/>\n<meta name=\"author\" content=\"bizaed\" \/>\n<meta name=\"twitter:card\" content=\"summary_large_image\" \/>\n<meta name=\"twitter:label1\" content=\"Written by\" \/>\n\t<meta name=\"twitter:data1\" content=\"bizaed\" \/>\n\t<meta name=\"twitter:label2\" content=\"Est. reading time\" \/>\n\t<meta name=\"twitter:data2\" content=\"3 minutes\" \/>\n<script type=\"application\/ld+json\" class=\"yoast-schema-graph\">{\"@context\":\"https:\\\/\\\/schema.org\",\"@graph\":[{\"@type\":\"Article\",\"@id\":\"https:\\\/\\\/www.aedbiz.org\\\/manana-se-celebrara-la-entrega-premios-aed-2016\\\/#article\",\"isPartOf\":{\"@id\":\"https:\\\/\\\/www.aedbiz.org\\\/manana-se-celebrara-la-entrega-premios-aed-2016\\\/\"},\"author\":{\"name\":\"bizaed\",\"@id\":\"https:\\\/\\\/www.aedbiz.org\\\/#\\\/schema\\\/person\\\/a8971233e9956f448a543e9b82aa876d\"},\"headline\":\"AEDren Enpresa Sarien banaketa ekitaldia\",\"datePublished\":\"2016-06-07T09:20:20+00:00\",\"dateModified\":\"2024-05-31T12:04:14+00:00\",\"mainEntityOfPage\":{\"@id\":\"https:\\\/\\\/www.aedbiz.org\\\/manana-se-celebrara-la-entrega-premios-aed-2016\\\/\"},\"wordCount\":236,\"image\":{\"@id\":\"https:\\\/\\\/www.aedbiz.org\\\/manana-se-celebrara-la-entrega-premios-aed-2016\\\/#primaryimage\"},\"thumbnailUrl\":\"https:\\\/\\\/www.aedbiz.org\\\/wp-content\\\/uploads\\\/2016\\\/06\\\/FORO-PREMIO-2016-1.jpg\",\"articleSection\":[\"Albisteak\"],\"inLanguage\":\"eu-ES\"},{\"@type\":\"WebPage\",\"@id\":\"https:\\\/\\\/www.aedbiz.org\\\/manana-se-celebrara-la-entrega-premios-aed-2016\\\/\",\"url\":\"https:\\\/\\\/www.aedbiz.org\\\/manana-se-celebrara-la-entrega-premios-aed-2016\\\/\",\"name\":\"AEDren Enpresa Sarien banaketa ekitaldia - AED | Asociaci\u00f3n de empresarias y directivas de Bizkaia\",\"isPartOf\":{\"@id\":\"https:\\\/\\\/www.aedbiz.org\\\/#website\"},\"primaryImageOfPage\":{\"@id\":\"https:\\\/\\\/www.aedbiz.org\\\/manana-se-celebrara-la-entrega-premios-aed-2016\\\/#primaryimage\"},\"image\":{\"@id\":\"https:\\\/\\\/www.aedbiz.org\\\/manana-se-celebrara-la-entrega-premios-aed-2016\\\/#primaryimage\"},\"thumbnailUrl\":\"https:\\\/\\\/www.aedbiz.org\\\/wp-content\\\/uploads\\\/2016\\\/06\\\/FORO-PREMIO-2016-1.jpg\",\"datePublished\":\"2016-06-07T09:20:20+00:00\",\"dateModified\":\"2024-05-31T12:04:14+00:00\",\"author\":{\"@id\":\"https:\\\/\\\/www.aedbiz.org\\\/#\\\/schema\\\/person\\\/a8971233e9956f448a543e9b82aa876d\"},\"breadcrumb\":{\"@id\":\"https:\\\/\\\/www.aedbiz.org\\\/manana-se-celebrara-la-entrega-premios-aed-2016\\\/#breadcrumb\"},\"inLanguage\":\"eu-ES\",\"potentialAction\":[{\"@type\":\"ReadAction\",\"target\":[\"https:\\\/\\\/www.aedbiz.org\\\/manana-se-celebrara-la-entrega-premios-aed-2016\\\/\"]}]},{\"@type\":\"ImageObject\",\"inLanguage\":\"eu-ES\",\"@id\":\"https:\\\/\\\/www.aedbiz.org\\\/manana-se-celebrara-la-entrega-premios-aed-2016\\\/#primaryimage\",\"url\":\"https:\\\/\\\/www.aedbiz.org\\\/wp-content\\\/uploads\\\/2016\\\/06\\\/FORO-PREMIO-2016-1.jpg\",\"contentUrl\":\"https:\\\/\\\/www.aedbiz.org\\\/wp-content\\\/uploads\\\/2016\\\/06\\\/FORO-PREMIO-2016-1.jpg\",\"width\":1417,\"height\":921},{\"@type\":\"BreadcrumbList\",\"@id\":\"https:\\\/\\\/www.aedbiz.org\\\/manana-se-celebrara-la-entrega-premios-aed-2016\\\/#breadcrumb\",\"itemListElement\":[{\"@type\":\"ListItem\",\"position\":1,\"name\":\"Portada\",\"item\":\"https:\\\/\\\/www.aedbiz.org\\\/eu\\\/\"},{\"@type\":\"ListItem\",\"position\":2,\"name\":\"AEDren Enpresa Sarien banaketa ekitaldia\"}]},{\"@type\":\"WebSite\",\"@id\":\"https:\\\/\\\/www.aedbiz.org\\\/#website\",\"url\":\"https:\\\/\\\/www.aedbiz.org\\\/\",\"name\":\"AED | Asociaci\u00f3n de empresarias y directivas de Bizkaia\",\"description\":\"\",\"potentialAction\":[{\"@type\":\"SearchAction\",\"target\":{\"@type\":\"EntryPoint\",\"urlTemplate\":\"https:\\\/\\\/www.aedbiz.org\\\/?s={search_term_string}\"},\"query-input\":{\"@type\":\"PropertyValueSpecification\",\"valueRequired\":true,\"valueName\":\"search_term_string\"}}],\"inLanguage\":\"eu-ES\"},{\"@type\":\"Person\",\"@id\":\"https:\\\/\\\/www.aedbiz.org\\\/#\\\/schema\\\/person\\\/a8971233e9956f448a543e9b82aa876d\",\"name\":\"bizaed\",\"sameAs\":[\"https:\\\/\\\/www.aedbiz.org\"]}]}<\/script>\n<!-- \/ Yoast SEO plugin. -->","yoast_head_json":{"title":"AEDren Enpresa Sarien banaketa ekitaldia - AED | Asociaci\u00f3n de empresarias y directivas de Bizkaia","robots":{"index":"index","follow":"follow","max-snippet":"max-snippet:-1","max-image-preview":"max-image-preview:large","max-video-preview":"max-video-preview:-1"},"canonical":"https:\/\/www.aedbiz.org\/manana-se-celebrara-la-entrega-premios-aed-2016\/","og_locale":"eu_ES","og_type":"article","og_title":"AEDren Enpresa Sarien banaketa ekitaldia - AED | Asociaci\u00f3n de empresarias y directivas de Bizkaia","og_description":"Ekainaren 7an Bizkaiko Emakumezko Enpresari eta Zuzendarien Elkartearen 2016 enpresa sariaren X.en banaketa ekitaldia egingo da. Carlton Hotelean izando da 19:30etatik aurrera eta Bizkaiko gizarte ehundura eta ehundura ekonomiko 300 pertsonalitatetik gora bertaratuko dira. AEDk\u00a0Nerea Leal y M\u00f3nica Rodr\u00edguez\u00a0aukeratu ditu sarituen artean,\u00a0Dynakin S.l.-ko bazkide eta sortzaileak dira eta farmazia esparruko zerbitzu eta produktuak eskaintzen dituzte.&hellip;","og_url":"https:\/\/www.aedbiz.org\/manana-se-celebrara-la-entrega-premios-aed-2016\/","og_site_name":"AED | Asociaci\u00f3n de empresarias y directivas de Bizkaia","article_published_time":"2016-06-07T09:20:20+00:00","article_modified_time":"2024-05-31T12:04:14+00:00","og_image":[{"width":1417,"height":921,"url":"https:\/\/www.aedbiz.org\/wp-content\/uploads\/2016\/06\/FORO-PREMIO-2016-1.jpg","type":"image\/jpeg"}],"author":"bizaed","twitter_card":"summary_large_image","twitter_misc":{"Written by":"bizaed","Est. reading time":"3 minutes"},"schema":{"@context":"https:\/\/schema.org","@graph":[{"@type":"Article","@id":"https:\/\/www.aedbiz.org\/manana-se-celebrara-la-entrega-premios-aed-2016\/#article","isPartOf":{"@id":"https:\/\/www.aedbiz.org\/manana-se-celebrara-la-entrega-premios-aed-2016\/"},"author":{"name":"bizaed","@id":"https:\/\/www.aedbiz.org\/#\/schema\/person\/a8971233e9956f448a543e9b82aa876d"},"headline":"AEDren Enpresa Sarien banaketa ekitaldia","datePublished":"2016-06-07T09:20:20+00:00","dateModified":"2024-05-31T12:04:14+00:00","mainEntityOfPage":{"@id":"https:\/\/www.aedbiz.org\/manana-se-celebrara-la-entrega-premios-aed-2016\/"},"wordCount":236,"image":{"@id":"https:\/\/www.aedbiz.org\/manana-se-celebrara-la-entrega-premios-aed-2016\/#primaryimage"},"thumbnailUrl":"https:\/\/www.aedbiz.org\/wp-content\/uploads\/2016\/06\/FORO-PREMIO-2016-1.jpg","articleSection":["Albisteak"],"inLanguage":"eu-ES"},{"@type":"WebPage","@id":"https:\/\/www.aedbiz.org\/manana-se-celebrara-la-entrega-premios-aed-2016\/","url":"https:\/\/www.aedbiz.org\/manana-se-celebrara-la-entrega-premios-aed-2016\/","name":"AEDren Enpresa Sarien banaketa ekitaldia - AED | Asociaci\u00f3n de empresarias y directivas de Bizkaia","isPartOf":{"@id":"https:\/\/www.aedbiz.org\/#website"},"primaryImageOfPage":{"@id":"https:\/\/www.aedbiz.org\/manana-se-celebrara-la-entrega-premios-aed-2016\/#primaryimage"},"image":{"@id":"https:\/\/www.aedbiz.org\/manana-se-celebrara-la-entrega-premios-aed-2016\/#primaryimage"},"thumbnailUrl":"https:\/\/www.aedbiz.org\/wp-content\/uploads\/2016\/06\/FORO-PREMIO-2016-1.jpg","datePublished":"2016-06-07T09:20:20+00:00","dateModified":"2024-05-31T12:04:14+00:00","author":{"@id":"https:\/\/www.aedbiz.org\/#\/schema\/person\/a8971233e9956f448a543e9b82aa876d"},"breadcrumb":{"@id":"https:\/\/www.aedbiz.org\/manana-se-celebrara-la-entrega-premios-aed-2016\/#breadcrumb"},"inLanguage":"eu-ES","potentialAction":[{"@type":"ReadAction","target":["https:\/\/www.aedbiz.org\/manana-se-celebrara-la-entrega-premios-aed-2016\/"]}]},{"@type":"ImageObject","inLanguage":"eu-ES","@id":"https:\/\/www.aedbiz.org\/manana-se-celebrara-la-entrega-premios-aed-2016\/#primaryimage","url":"https:\/\/www.aedbiz.org\/wp-content\/uploads\/2016\/06\/FORO-PREMIO-2016-1.jpg","contentUrl":"https:\/\/www.aedbiz.org\/wp-content\/uploads\/2016\/06\/FORO-PREMIO-2016-1.jpg","width":1417,"height":921},{"@type":"BreadcrumbList","@id":"https:\/\/www.aedbiz.org\/manana-se-celebrara-la-entrega-premios-aed-2016\/#breadcrumb","itemListElement":[{"@type":"ListItem","position":1,"name":"Portada","item":"https:\/\/www.aedbiz.org\/eu\/"},{"@type":"ListItem","position":2,"name":"AEDren Enpresa Sarien banaketa ekitaldia"}]},{"@type":"WebSite","@id":"https:\/\/www.aedbiz.org\/#website","url":"https:\/\/www.aedbiz.org\/","name":"AED | Asociaci\u00f3n de empresarias y directivas de Bizkaia","description":"","potentialAction":[{"@type":"SearchAction","target":{"@type":"EntryPoint","urlTemplate":"https:\/\/www.aedbiz.org\/?s={search_term_string}"},"query-input":{"@type":"PropertyValueSpecification","valueRequired":true,"valueName":"search_term_string"}}],"inLanguage":"eu-ES"},{"@type":"Person","@id":"https:\/\/www.aedbiz.org\/#\/schema\/person\/a8971233e9956f448a543e9b82aa876d","name":"bizaed","sameAs":["https:\/\/www.aedbiz.org"]}]}},"_links":{"self":[{"href":"https:\/\/www.aedbiz.org\/eu\/wp-json\/wp\/v2\/posts\/7423","targetHints":{"allow":["GET"]}}],"collection":[{"href":"https:\/\/www.aedbiz.org\/eu\/wp-json\/wp\/v2\/posts"}],"about":[{"href":"https:\/\/www.aedbiz.org\/eu\/wp-json\/wp\/v2\/types\/post"}],"author":[{"embeddable":true,"href":"https:\/\/www.aedbiz.org\/eu\/wp-json\/wp\/v2\/users\/1"}],"replies":[{"embeddable":true,"href":"https:\/\/www.aedbiz.org\/eu\/wp-json\/wp\/v2\/comments?post=7423"}],"version-history":[{"count":0,"href":"https:\/\/www.aedbiz.org\/eu\/wp-json\/wp\/v2\/posts\/7423\/revisions"}],"wp:featuredmedia":[{"embeddable":true,"href":"https:\/\/www.aedbiz.org\/eu\/wp-json\/wp\/v2\/media\/6861"}],"wp:attachment":[{"href":"https:\/\/www.aedbiz.org\/eu\/wp-json\/wp\/v2\/media?parent=7423"}],"wp:term":[{"taxonomy":"category","embeddable":true,"href":"https:\/\/www.aedbiz.org\/eu\/wp-json\/wp\/v2\/categories?post=7423"},{"taxonomy":"post_tag","embeddable":true,"href":"https:\/\/www.aedbiz.org\/eu\/wp-json\/wp\/v2\/tags?post=7423"}],"curies":[{"name":"wp","href":"https:\/\/api.w.org\/{rel}","templated":true}]}}